{"id":444,"date":"2026-02-26T11:41:46","date_gmt":"2026-02-26T10:41:46","guid":{"rendered":"https:\/\/kulturstrudel.de\/?p=444"},"modified":"2026-04-23T15:56:15","modified_gmt":"2026-04-23T13:56:15","slug":"kein-land-fuer-niemand","status":"publish","type":"post","link":"https:\/\/kulturstrudel.de\/?p=444","title":{"rendered":"Kein Land f\u00fcr Niemand"},"content":{"rendered":"\n<div class=\"wp-block-media-text is-stacked-on-mobile is-vertically-aligned-top\"><figure class=\"wp-block-media-text__media\"><img loading=\"lazy\" decoding=\"async\" width=\"819\" height=\"1024\" src=\"http:\/\/kulturstrudel.de\/wp-content\/uploads\/2026\/04\/623052650_17994993029874764_4973565827421181300_n-819x1024.webp\" alt=\"\" class=\"wp-image-445 size-full\" srcset=\"https:\/\/kulturstrudel.de\/wp-content\/uploads\/2026\/04\/623052650_17994993029874764_4973565827421181300_n-819x1024.webp 819w, https:\/\/kulturstrudel.de\/wp-content\/uploads\/2026\/04\/623052650_17994993029874764_4973565827421181300_n-240x300.webp 240w, https:\/\/kulturstrudel.de\/wp-content\/uploads\/2026\/04\/623052650_17994993029874764_4973565827421181300_n-768x960.webp 768w, https:\/\/kulturstrudel.de\/wp-content\/uploads\/2026\/04\/623052650_17994993029874764_4973565827421181300_n.webp 1080w\" sizes=\"auto, (max-width: 819px) 100vw, 819px\" \/><\/figure><div class=\"wp-block-media-text__content\">\n<p>\ud83c\udfacFilmvorf\u00fchrug mit Gespr\u00e4ch am 26.02.2026<\/p>\n\n\n\n<p>Die Dokumentation \u201eKein Land f\u00fcr Niemand\u201d begleitet eine Rettungsmission im Mittelmeer, zeigt die katastrophalen Zust\u00e4nde in Lagern f\u00fcr Gefl\u00fcchtete und gibt Menschen eine Stimme, die den lebensgef\u00e4hrlichen Weg nach Europa \u00fcberlebt haben. Gleichzeitig blickt der Film auf die politische und gesellschaftliche Entwicklung in Deutschland: Ein erstarkender Rechtspopulismus pr\u00e4gt den Diskurs. Flucht und Migration werden zunehmend kriminalisiert, und humanit\u00e4re Hilfe ger\u00e4t unter Druck. Durch Interviews mit Wissenschaftler:innen, politischen Entscheidungstr\u00e4ger:innen und Aktivist:innen hinterfragt der Film die aktuellen Narrative \u00fcber Flucht und Migration und beleuchtet die Mechanismen, mit denen Angst und Populismus die politische Agenda bestimmen.<\/p>\n\n\n\n<p>Im Anschluss des Films steht die aus Mittelsachsen stammende \u00c4rztin Nora, die an mehreren Seenotrettungseins\u00e4tzen beteiligt war, f\u00fcr eine Gespr\u00e4chsrunde zur Verf\u00fcgung.<\/p>\n\n\n\n<p>Der Film wird organisiert von der SEBIT, dem Jungen Netzwerk, Kulturstrudel Freiberg e.V. , Freiberg.Grenzenlos, Freiberg f\u00fcr Alle und Agenda 21.<\/p>\n\n\n\n<p><\/p>\n<\/div><\/div>\n\n\n\n<p>\ud83d\udccdKinopolis, Chemnitzer Str. 133 09599 Freiberg<br>\ud83d\udcc6 26.02.2026<br>\u23f0 Start 19 Uhr<br>\u231b Filmlaufzeit: 107 min<br>\ud83d\udcb8 Eintritt: kostenlos, Spendenm\u00f6glichkeiten Vorort<\/p>\n","protected":false},"excerpt":{"rendered":"<p>\ud83c\udfacFilmvorf\u00fchrug mit Gespr\u00e4ch am 26.02.2026 Die Dokumentation \u201eKein Land f\u00fcr Niemand\u201d begleitet eine Rettungsmission im Mittelmeer, zeigt die katastrophalen Zust\u00e4nde in Lagern f\u00fcr Gefl\u00fcchtete und gibt Menschen eine Stimme, die den lebensgef\u00e4hrlichen Weg nach Europa \u00fcberlebt haben. Gleichzeitig blickt der Film auf die politische und gesellschaftliche Entwicklung in Deutschland: Ein erstarkender Rechtspopulismus pr\u00e4gt den Diskurs. [&hellip;]<\/p>\n","protected":false},"author":2,"featured_media":445,"comment_status":"open","ping_status":"open","sticky":false,"template":"","format":"standard","meta":{"footnotes":""},"categories":[1],"tags":[],"class_list":{"0":"post-444","1":"post","2":"type-post","3":"status-publish","4":"format-standard","5":"has-post-thumbnail","7":"category-allgemein","8":"czr-hentry"},"_links":{"self":[{"href":"https:\/\/kulturstrudel.de\/index.php?rest_route=\/wp\/v2\/posts\/444","targetHints":{"allow":["GET"]}}],"collection":[{"href":"https:\/\/kulturstrudel.de\/index.php?rest_route=\/wp\/v2\/posts"}],"about":[{"href":"https:\/\/kulturstrudel.de\/index.php?rest_route=\/wp\/v2\/types\/post"}],"author":[{"embeddable":true,"href":"https:\/\/kulturstrudel.de\/index.php?rest_route=\/wp\/v2\/users\/2"}],"replies":[{"embeddable":true,"href":"https:\/\/kulturstrudel.de\/index.php?rest_route=%2Fwp%2Fv2%2Fcomments&post=444"}],"version-history":[{"count":2,"href":"https:\/\/kulturstrudel.de\/index.php?rest_route=\/wp\/v2\/posts\/444\/revisions"}],"predecessor-version":[{"id":448,"href":"https:\/\/kulturstrudel.de\/index.php?rest_route=\/wp\/v2\/posts\/444\/revisions\/448"}],"wp:featuredmedia":[{"embeddable":true,"href":"https:\/\/kulturstrudel.de\/index.php?rest_route=\/wp\/v2\/media\/445"}],"wp:attachment":[{"href":"https:\/\/kulturstrudel.de\/index.php?rest_route=%2Fwp%2Fv2%2Fmedia&parent=444"}],"wp:term":[{"taxonomy":"category","embeddable":true,"href":"https:\/\/kulturstrudel.de\/index.php?rest_route=%2Fwp%2Fv2%2Fcategories&post=444"},{"taxonomy":"post_tag","embeddable":true,"href":"https:\/\/kulturstrudel.de\/index.php?rest_route=%2Fwp%2Fv2%2Ftags&post=444"}],"curies":[{"name":"wp","href":"https:\/\/api.w.org\/{rel}","templated":true}]}}