{"id":480,"date":"2026-04-11T15:31:02","date_gmt":"2026-04-11T13:31:02","guid":{"rendered":"https:\/\/kulturstrudel.de\/?p=480"},"modified":"2026-04-23T15:57:36","modified_gmt":"2026-04-23T13:57:36","slug":"fruehrjahresputz","status":"publish","type":"post","link":"https:\/\/kulturstrudel.de\/?p=480","title":{"rendered":"Fr\u00fchrjahresputz 11.04.2026"},"content":{"rendered":"\n<div class=\"wp-block-media-text is-stacked-on-mobile textbox has-background\" style=\"background-color:#db576f;grid-template-columns:38% auto\"><figure class=\"wp-block-media-text__media\"><img loading=\"lazy\" decoding=\"async\" width=\"1024\" height=\"768\" src=\"http:\/\/kulturstrudel.de\/wp-content\/uploads\/2026\/04\/signal-2026-04-23-14-06-08-678-1-1024x768.jpg\" alt=\"\" class=\"wp-image-481 size-full\" srcset=\"https:\/\/kulturstrudel.de\/wp-content\/uploads\/2026\/04\/signal-2026-04-23-14-06-08-678-1-1024x768.jpg 1024w, https:\/\/kulturstrudel.de\/wp-content\/uploads\/2026\/04\/signal-2026-04-23-14-06-08-678-1-300x225.jpg 300w, https:\/\/kulturstrudel.de\/wp-content\/uploads\/2026\/04\/signal-2026-04-23-14-06-08-678-1-768x576.jpg 768w, https:\/\/kulturstrudel.de\/wp-content\/uploads\/2026\/04\/signal-2026-04-23-14-06-08-678-1-1536x1152.jpg 1536w, https:\/\/kulturstrudel.de\/wp-content\/uploads\/2026\/04\/signal-2026-04-23-14-06-08-678-1.jpg 2048w\" sizes=\"auto, (max-width: 1024px) 100vw, 1024px\" \/><\/figure><div class=\"wp-block-media-text__content\">\n<div class=\"wp-block-group has-white-color has-text-color has-background has-link-color wp-elements-e4cd7552312a9896858de79dc00ca2e6 is-vertical is-layout-flex wp-container-core-group-is-layout-8cf370e7 wp-block-group-is-layout-flex\" style=\"background-color:#db576f\">\n<p>Am Samstag den 11.04. hie\u00df es anpacken beim Fr\u00fchjahresputz der\u00a0<a href=\"https:\/\/www.instagram.com\/freibergeragenda21\/\">@freibergeragenda21<\/a>\u00a0und der Stadt Freiberg.<\/p>\n\n\n\n<p>Von 10 bis 12 Uhr sammelten wir mit 7 Mitgliedern unseres Vereins einiges an M\u00fcll und Unrat und konnten somit dazu beitragen Freiberg ein kleines St\u00fcck sauberer zu machen.<\/p>\n\n\n\n<p><\/p>\n<\/div>\n<\/div><\/div>\n\n\n\n<div style=\"height:1.3rem\" aria-hidden=\"true\" class=\"wp-block-spacer\"><\/div>\n\n\n\n<div class=\"wp-block-media-text has-media-on-the-right is-stacked-on-mobile textbox has-background\" style=\"background-color:#d27aec;grid-template-columns:auto 27%\"><div class=\"wp-block-media-text__content\">\n<div class=\"wp-block-group has-white-color has-text-color has-background has-link-color wp-elements-5eccb63d7f0be4f9c43a8bf05851cf5a is-vertical is-layout-flex wp-container-core-group-is-layout-8cf370e7 wp-block-group-is-layout-flex\" style=\"background-color:#d27aec\">\n<p>Zwischen diversem Plastikm\u00fcll, unendlichen Zigarettenstummeln und kleineren Kuriosit\u00e4ten, die achtlos weggeworfen wurden, fanden wir auch zwei Koffersets, eine Bettdecke sowie das passende Kopfkissen dazu.<br>Ob diese Gegenst\u00e4nde bevor sie im Geb\u00fcsch am Busbahnhof entsorgt wurden, noch im passablen Zustand waren l\u00e4sst sich nur mutma\u00dfen.<\/p>\n<\/div>\n\n\n\n<p><\/p>\n<\/div><figure class=\"wp-block-media-text__media\"><img loading=\"lazy\" decoding=\"async\" width=\"768\" height=\"1024\" src=\"http:\/\/kulturstrudel.de\/wp-content\/uploads\/2026\/04\/signal-2026-04-23-14-06-08-678-2-768x1024.jpg\" alt=\"\" class=\"wp-image-482 size-full\" srcset=\"https:\/\/kulturstrudel.de\/wp-content\/uploads\/2026\/04\/signal-2026-04-23-14-06-08-678-2-768x1024.jpg 768w, https:\/\/kulturstrudel.de\/wp-content\/uploads\/2026\/04\/signal-2026-04-23-14-06-08-678-2-225x300.jpg 225w, https:\/\/kulturstrudel.de\/wp-content\/uploads\/2026\/04\/signal-2026-04-23-14-06-08-678-2-1152x1536.jpg 1152w, https:\/\/kulturstrudel.de\/wp-content\/uploads\/2026\/04\/signal-2026-04-23-14-06-08-678-2.jpg 1536w\" sizes=\"auto, (max-width: 768px) 100vw, 768px\" \/><\/figure><\/div>\n\n\n\n<div style=\"height:1.3rem\" aria-hidden=\"true\" class=\"wp-block-spacer\"><\/div>\n\n\n\n<div class=\"wp-block-media-text is-stacked-on-mobile textbox has-pale-pink-background-color has-background\" style=\"grid-template-columns:31% auto\"><figure class=\"wp-block-media-text__media\"><img loading=\"lazy\" decoding=\"async\" width=\"952\" height=\"988\" src=\"http:\/\/kulturstrudel.de\/wp-content\/uploads\/2026\/04\/signal-2026-04-23-14-06-08-678-4.jpg\" alt=\"\" class=\"wp-image-491 size-full\" srcset=\"https:\/\/kulturstrudel.de\/wp-content\/uploads\/2026\/04\/signal-2026-04-23-14-06-08-678-4.jpg 952w, https:\/\/kulturstrudel.de\/wp-content\/uploads\/2026\/04\/signal-2026-04-23-14-06-08-678-4-289x300.jpg 289w, https:\/\/kulturstrudel.de\/wp-content\/uploads\/2026\/04\/signal-2026-04-23-14-06-08-678-4-768x797.jpg 768w\" sizes=\"auto, (max-width: 952px) 100vw, 952px\" \/><\/figure><div class=\"wp-block-media-text__content\">\n<div class=\"wp-block-group has-white-color has-pale-pink-background-color has-text-color has-background has-link-color wp-elements-d38db8b5d3d8c48c4889d0681d17d823 is-vertical is-layout-flex wp-container-core-group-is-layout-8cf370e7 wp-block-group-is-layout-flex\">\n<p>Fakt ist jedoch: Jedes Jahr landen viel zu viele noch nutzbare Gegenst\u00e4nde im M\u00fcll oder werden wie diese notd\u00fcrftig und falsch entsorgt, obwohl jemand anderes Sie noch gebrauchen k\u00f6nnte oder sie sich finanziell nicht leisten kann.<\/p>\n<\/div>\n\n\n\n<p><\/p>\n<\/div><\/div>\n\n\n\n<div style=\"height:1.3rem\" aria-hidden=\"true\" class=\"wp-block-spacer\"><\/div>\n\n\n\n<div class=\"wp-block-media-text has-media-on-the-right is-stacked-on-mobile textbox has-background\" style=\"background-color:#7b51e0;grid-template-columns:auto 42%\"><div class=\"wp-block-media-text__content\">\n<div class=\"wp-block-group has-white-color has-text-color has-background has-link-color wp-elements-a4fa496a7d5135b2822734b8eeca1f1c is-vertical is-layout-flex wp-container-core-group-is-layout-8cf370e7 wp-block-group-is-layout-flex\" style=\"background-color:#7b51e0\">\n<p>Im Umsonstladen unseres\u00a0<a href=\"https:\/\/kulturstrudel.de\/?page_id=426\">Ladenprojekts<\/a>\u00a0k\u00f6nnen k\u00fcnftig Gegenst\u00e4nde, die f\u00fcr einen selbst nicht mehr von Nutzen sind, aber weiterhin gebraucht werden k\u00f6nnen, kostenfrei abgegeben und ohne Zwang zu einer Gegenleistung mitgenommen werden.<br>Damit wollen wir nachhaltigen Erwerb von Waren f\u00fcr alle erm\u00f6glichen und der Wegwerfmentalit\u00e4t in unserer \u00dcberflussgesellschaft praktisch entgegenwirken, unabh\u00e4ngig von finanziellen H\u00fcrden.<\/p>\n<\/div>\n<\/div><figure class=\"wp-block-media-text__media\"><img loading=\"lazy\" decoding=\"async\" width=\"1024\" height=\"768\" src=\"http:\/\/kulturstrudel.de\/wp-content\/uploads\/2026\/04\/signal-2026-04-23-14-06-08-678-3-1024x768.jpg\" alt=\"\" class=\"wp-image-484 size-full\" srcset=\"https:\/\/kulturstrudel.de\/wp-content\/uploads\/2026\/04\/signal-2026-04-23-14-06-08-678-3-1024x768.jpg 1024w, https:\/\/kulturstrudel.de\/wp-content\/uploads\/2026\/04\/signal-2026-04-23-14-06-08-678-3-300x225.jpg 300w, https:\/\/kulturstrudel.de\/wp-content\/uploads\/2026\/04\/signal-2026-04-23-14-06-08-678-3-768x576.jpg 768w, https:\/\/kulturstrudel.de\/wp-content\/uploads\/2026\/04\/signal-2026-04-23-14-06-08-678-3-1536x1152.jpg 1536w, https:\/\/kulturstrudel.de\/wp-content\/uploads\/2026\/04\/signal-2026-04-23-14-06-08-678-3.jpg 2048w\" sizes=\"auto, (max-width: 1024px) 100vw, 1024px\" \/><\/figure><\/div>\n","protected":false},"excerpt":{"rendered":"","protected":false},"author":2,"featured_media":491,"comment_status":"open","ping_status":"open","sticky":false,"template":"","format":"standard","meta":{"footnotes":""},"categories":[1],"tags":[],"class_list":{"0":"post-480","1":"post","2":"type-post","3":"status-publish","4":"format-standard","5":"has-post-thumbnail","7":"category-allgemein","8":"czr-hentry"},"_links":{"self":[{"href":"https:\/\/kulturstrudel.de\/index.php?rest_route=\/wp\/v2\/posts\/480","targetHints":{"allow":["GET"]}}],"collection":[{"href":"https:\/\/kulturstrudel.de\/index.php?rest_route=\/wp\/v2\/posts"}],"about":[{"href":"https:\/\/kulturstrudel.de\/index.php?rest_route=\/wp\/v2\/types\/post"}],"author":[{"embeddable":true,"href":"https:\/\/kulturstrudel.de\/index.php?rest_route=\/wp\/v2\/users\/2"}],"replies":[{"embeddable":true,"href":"https:\/\/kulturstrudel.de\/index.php?rest_route=%2Fwp%2Fv2%2Fcomments&post=480"}],"version-history":[{"count":25,"href":"https:\/\/kulturstrudel.de\/index.php?rest_route=\/wp\/v2\/posts\/480\/revisions"}],"predecessor-version":[{"id":525,"href":"https:\/\/kulturstrudel.de\/index.php?rest_route=\/wp\/v2\/posts\/480\/revisions\/525"}],"wp:featuredmedia":[{"embeddable":true,"href":"https:\/\/kulturstrudel.de\/index.php?rest_route=\/wp\/v2\/media\/491"}],"wp:attachment":[{"href":"https:\/\/kulturstrudel.de\/index.php?rest_route=%2Fwp%2Fv2%2Fmedia&parent=480"}],"wp:term":[{"taxonomy":"category","embeddable":true,"href":"https:\/\/kulturstrudel.de\/index.php?rest_route=%2Fwp%2Fv2%2Fcategories&post=480"},{"taxonomy":"post_tag","embeddable":true,"href":"https:\/\/kulturstrudel.de\/index.php?rest_route=%2Fwp%2Fv2%2Ftags&post=480"}],"curies":[{"name":"wp","href":"https:\/\/api.w.org\/{rel}","templated":true}]}}